{"short_name":"Thibault","name":"Thibault Carron","icons":[{"src":"https:\/\/dkemhji6i1k0x.cloudfront.net\/000_clients\/678142\/file\/logotab-f1e0c9.png","sizes":"16x16","type":"image\/png","purpose":"any maskable"}],"start_url":"\/","scope":"\/","display":"standalone","lang":"en","background_color":"#ffffff","description":"Sp\u00e9cialis\u00e9 en portrait, publicit\u00e9, \u00e9ditorial, documentaire. Co-fondateur de Portraits de Montr\u00e9al.","orientation":"portrait-primary","theme_color":"#ffffff","related_applications":[{"platform":"web","url":"http:\/\/www.thibaultcarron.com"}]}